{"id":1342,"date":"2022-07-06T19:10:00","date_gmt":"2022-07-06T17:10:00","guid":{"rendered":"https:\/\/cjo.de\/site\/?p=1342"},"modified":"2022-10-10T12:09:25","modified_gmt":"2022-10-10T10:09:25","slug":"wertvoll-kita-zertifikat-der-wertestarter-stiftung","status":"publish","type":"post","link":"https:\/\/cjo.de\/site\/blog\/wertvoll-kita-zertifikat-der-wertestarter-stiftung\/1342\/","title":{"rendered":"&#8222;Wertvoll-Kita&#8220; Zertifikat der Wertestarter-Stiftung"},"content":{"rendered":"\n<p>Christliches Jugendzentrum Oranienburg e.V.&nbsp; erh\u00e4lt Zertifikat der Wertestarter* <br>(Stiftung f\u00fcr christliche Wertebildung, Christliche Wertebildung&nbsp; gGmbH)<\/p>\n\n\n\n<p>Am Mittwoch dem 06.07. fand in der Christlichen Kita Leuchtturm mit einem gro\u00dfen Kita-Fest traditionell die Verabschiedung der Kitakinder statt, die nach den Sommerferien einen neuen Lebensabschnitt in der Schule beginnen. In festlichem Rahmen mit Kindern und&nbsp; Eltern der Kita, Mitarbeitern, sowie&nbsp; Kindern des KidsTreff des CJO wurden nach Liedern und Gebet gab es dann noch ein besonders Ereignis f\u00fcr die Mitarbeiter der Kita.<\/p>\n\n\n\n<p>Durch den Gesch\u00e4ftsf\u00fchrer der \u201eWertestarter Stiftung\u201c&nbsp; aus Berlin, Herrn Johannes Nehlsen erfolgte&nbsp;die Verleihung des&nbsp; Zertifikats&nbsp; \u201eWertvoll Kita\u201c.&nbsp;Mitarbeiter der \u201eWertestartet\u201c&nbsp; haben in&nbsp; den letzten Jahren die&nbsp; Qualit\u00e4tsstandards speziell f\u00fcr eine Zertifizierung christlicher Kitas&nbsp; entwickelt.&nbsp;&nbsp;Die Kita Leuchtturm in Oranienburg konnte heute als&nbsp; erste Kita in Deutschland&nbsp; dieses besondere Zertifikat \u201e Wertvoll \u2013 Kita\u201c erhalten.&nbsp;&nbsp;<\/p>\n\n\n\n<p>Die Sozialdezernentin der Stadt Oranienburg, Frau Rose,&nbsp;w\u00fcrdigte anschlie\u00dfend in einem Gru\u00dfwort die Bem\u00fchungen der Mitarbeiter der Christlichen&nbsp; Kita Leuchtturm, die&nbsp; Arbeit durch \u00fcberpr\u00fcfbare Qualit\u00e4tsstandards&nbsp; und entsprechender Zertifizierung&nbsp; zu verbessern. Dies sei&nbsp;bei \u201efreien Tr\u00e4gern\u201c&nbsp; in Oranienburg beispielhaft.&nbsp;&nbsp;Nach vielen guten Segensw\u00fcnschen und der Verabschiedung der Schulstarter wurde dann auf dem Gel\u00e4nde des CJO und der Kita z\u00fcnftig gefeiert.&nbsp; Auf die Kinder warteten H\u00fcpfburgen und Spielstationen w\u00e4hrend die Eltern sich bei&nbsp; Kuchen und Kaffee treffen konnten. Die knapp 200 Kinder und Eltern haben diesen wertvollen Tag genossen und auch die Mitarbeiter des CJO e.V. blicken zufrieden und&nbsp; dankbar auf ein gelungenes Fest zur\u00fcck.<\/p>\n\n\n\n<div class=\"wp-block-columns is-layout-flex wp-container-core-columns-is-layout-9d6595d7 wp-block-columns-is-layout-flex\">\n<div class=\"wp-block-column is-layout-flow wp-block-column-is-layout-flow\">\n<figure class=\"wp-block-image size-large\"><img decoding=\"async\" width=\"1024\" height=\"769\" src=\"https:\/\/cjo.de\/site\/wp-content\/uploads\/sites\/12\/2022\/07\/IMG_20220706_152249-1024x769.jpg\" alt=\"\" class=\"wp-image-1346\" srcset=\"https:\/\/cjo.de\/site\/wp-content\/uploads\/sites\/12\/2022\/07\/IMG_20220706_152249-1024x769.jpg 1024w, https:\/\/cjo.de\/site\/wp-content\/uploads\/sites\/12\/2022\/07\/IMG_20220706_152249-300x225.jpg 300w, https:\/\/cjo.de\/site\/wp-content\/uploads\/sites\/12\/2022\/07\/IMG_20220706_152249-768x577.jpg 768w, https:\/\/cjo.de\/site\/wp-content\/uploads\/sites\/12\/2022\/07\/IMG_20220706_152249-1536x1153.jpg 1536w, https:\/\/cjo.de\/site\/wp-content\/uploads\/sites\/12\/2022\/07\/IMG_20220706_152249-2048x1538.jpg 2048w, https:\/\/cjo.de\/site\/wp-content\/uploads\/sites\/12\/2022\/07\/IMG_20220706_152249-570x428.jpg 570w, https:\/\/cjo.de\/site\/wp-content\/uploads\/sites\/12\/2022\/07\/IMG_20220706_152249-scaled.jpg 1920w\" sizes=\"(max-width: 1024px) 100vw, 1024px\" \/><figcaption>knapp 200 Kinder und Eltern genossen das Kita-Fest der Christlichen Kita Leuchtturm gemeinsam mit dem KidsTreff im CJO e.V.<\/figcaption><\/figure>\n<\/div>\n\n\n\n<div class=\"wp-block-column is-layout-flow wp-block-column-is-layout-flow\">\n<figure class=\"wp-block-image size-large\"><img decoding=\"async\" width=\"906\" height=\"1024\" src=\"https:\/\/cjo.de\/site\/wp-content\/uploads\/sites\/12\/2022\/07\/IMG_20220706_174509-906x1024.jpg\" alt=\"\" class=\"wp-image-1345\" srcset=\"https:\/\/cjo.de\/site\/wp-content\/uploads\/sites\/12\/2022\/07\/IMG_20220706_174509-906x1024.jpg 906w, https:\/\/cjo.de\/site\/wp-content\/uploads\/sites\/12\/2022\/07\/IMG_20220706_174509-265x300.jpg 265w, https:\/\/cjo.de\/site\/wp-content\/uploads\/sites\/12\/2022\/07\/IMG_20220706_174509-768x868.jpg 768w, https:\/\/cjo.de\/site\/wp-content\/uploads\/sites\/12\/2022\/07\/IMG_20220706_174509-1359x1536.jpg 1359w, https:\/\/cjo.de\/site\/wp-content\/uploads\/sites\/12\/2022\/07\/IMG_20220706_174509-1812x2048.jpg 1812w, https:\/\/cjo.de\/site\/wp-content\/uploads\/sites\/12\/2022\/07\/IMG_20220706_174509-570x644.jpg 570w, https:\/\/cjo.de\/site\/wp-content\/uploads\/sites\/12\/2022\/07\/IMG_20220706_174509-scaled.jpg 1699w\" sizes=\"(max-width: 906px) 100vw, 906px\" \/><figcaption>v.l.n.r.: Christel Schmidt, Wertestarter* | Cathrin Bendrat, Kita-Leitung | J\u00f6rn Weimer, Vorstand CJO e.V. | Johannes Nelsen, Leitung Wertestarter*<\/figcaption><\/figure>\n<\/div>\n<\/div>\n","protected":false},"excerpt":{"rendered":"<p>Christliches Jugendzentrum Oranienburg e.V.&nbsp; erh\u00e4lt Zertifikat der Wertestarter* (Stiftung f\u00fcr christliche Wertebildung, Christliche Wertebildung&nbsp; gGmbH) Am Mittwoch dem 06.07. fand in der Christlichen Kita Leuchtturm mit einem gro\u00dfen Kita-Fest traditionell die Verabschiedung der Kitakinder statt, die nach den Sommerferien einen neuen Lebensabschnitt in der Schule beginnen. In festlichem Rahmen mit Kindern und&nbsp; Eltern der Kita, [&hellip;]<\/p>\n","protected":false},"author":1,"featured_media":1345,"comment_status":"open","ping_status":"open","sticky":false,"template":"","format":"standard","meta":{"_ef_editorial_meta_date_first-draft-date":"","_ef_editorial_meta_paragraph_assignment":"","_ef_editorial_meta_checkbox_needs-photo":"","_ef_editorial_meta_number_word-count":"","footnotes":""},"categories":[3,15,11],"tags":[],"class_list":{"0":"post-1342","1":"post","2":"type-post","3":"status-publish","4":"format-standard","5":"has-post-thumbnail","7":"category-blog","8":"category-christliche-kita-leuchtturm","9":"category-kidstreff","10":"czr-hentry"},"_links":{"self":[{"href":"https:\/\/cjo.de\/site\/wp-json\/wp\/v2\/posts\/1342","targetHints":{"allow":["GET"]}}],"collection":[{"href":"https:\/\/cjo.de\/site\/wp-json\/wp\/v2\/posts"}],"about":[{"href":"https:\/\/cjo.de\/site\/wp-json\/wp\/v2\/types\/post"}],"author":[{"embeddable":true,"href":"https:\/\/cjo.de\/site\/wp-json\/wp\/v2\/users\/1"}],"replies":[{"embeddable":true,"href":"https:\/\/cjo.de\/site\/wp-json\/wp\/v2\/comments?post=1342"}],"version-history":[{"count":2,"href":"https:\/\/cjo.de\/site\/wp-json\/wp\/v2\/posts\/1342\/revisions"}],"predecessor-version":[{"id":1402,"href":"https:\/\/cjo.de\/site\/wp-json\/wp\/v2\/posts\/1342\/revisions\/1402"}],"wp:featuredmedia":[{"embeddable":true,"href":"https:\/\/cjo.de\/site\/wp-json\/wp\/v2\/media\/1345"}],"wp:attachment":[{"href":"https:\/\/cjo.de\/site\/wp-json\/wp\/v2\/media?parent=1342"}],"wp:term":[{"taxonomy":"category","embeddable":true,"href":"https:\/\/cjo.de\/site\/wp-json\/wp\/v2\/categories?post=1342"},{"taxonomy":"post_tag","embeddable":true,"href":"https:\/\/cjo.de\/site\/wp-json\/wp\/v2\/tags?post=1342"}],"curies":[{"name":"wp","href":"https:\/\/api.w.org\/{rel}","templated":true}]}}