{"id":1462,"date":"2022-10-17T08:17:00","date_gmt":"2022-10-17T06:17:00","guid":{"rendered":"https:\/\/cjo.de\/site\/?p=1462"},"modified":"2022-12-12T16:45:14","modified_gmt":"2022-12-12T15:45:14","slug":"wogele-was-bitte","status":"publish","type":"post","link":"https:\/\/cjo.de\/site\/blog\/wogele-was-bitte\/1462\/","title":{"rendered":"WogeLe &#8211; Was bitte?"},"content":{"rendered":"\n<p>Eine Woche gemeinsam leben &#8211; im Alltag &#8211; mit vielen anderen Jugendlichen. Diese Aktion haben Jugendliche von 13 bis 17 Jahren im JugendCaf\u00e9 des CJO e.V. f\u00fcr eine Woche im Oktober geplant und durchgef\u00fchrt. Alle gemeinsam teilten sie ihren Alltag: Aufstehen, zur Schule gehen, Hausaufgaben machen, f\u00fcr Pr\u00fcfungen lernen, kochen und abwaschen. Daneben gab es jede Menge Spa\u00df bei gemeinsamen Aktionen wie Motto-Abend, M\u00e4dels- und Jungsabend oder Filmabend &#8211; eine richtig sch\u00f6ne Zeit also. Das Projekt wurde eigenverantwortlich von den teilnehmenden Jugendlichen geplant und durchgef\u00fchrt. Zwei junge Erwachsene begleiteten die Jugendlichen in der Woche, p\u00e4dagogische Fachkr\u00e4fte standen bei Bedarf unterst\u00fctzend zur Seite.<\/p>\n\n\n\n<p>Die WoGeLe wurde vom Landkreis Oberhavel und dem Ministerium f\u00fcr Jugend, Bildung und Sport des Landes Brandenburg gef\u00f6rdert.<\/p>\n\n\n\n<figure class=\"wp-block-image size-large\"><img decoding=\"async\" width=\"1024\" height=\"819\" src=\"https:\/\/cjo.de\/site\/wp-content\/uploads\/sites\/12\/2022\/12\/Collage_WoGeLe-1024x819.jpg\" alt=\"\" class=\"wp-image-1463\" srcset=\"https:\/\/cjo.de\/site\/wp-content\/uploads\/sites\/12\/2022\/12\/Collage_WoGeLe-1024x819.jpg 1024w, https:\/\/cjo.de\/site\/wp-content\/uploads\/sites\/12\/2022\/12\/Collage_WoGeLe-300x240.jpg 300w, https:\/\/cjo.de\/site\/wp-content\/uploads\/sites\/12\/2022\/12\/Collage_WoGeLe-768x614.jpg 768w, https:\/\/cjo.de\/site\/wp-content\/uploads\/sites\/12\/2022\/12\/Collage_WoGeLe-1536x1229.jpg 1536w, https:\/\/cjo.de\/site\/wp-content\/uploads\/sites\/12\/2022\/12\/Collage_WoGeLe-570x456.jpg 570w, https:\/\/cjo.de\/site\/wp-content\/uploads\/sites\/12\/2022\/12\/Collage_WoGeLe.jpg 1920w\" sizes=\"(max-width: 1024px) 100vw, 1024px\" \/><\/figure>\n\n\n\n<figure class=\"wp-block-image size-full\"><img decoding=\"async\" width=\"400\" height=\"70\" src=\"https:\/\/cjo.de\/site\/wp-content\/uploads\/sites\/12\/2022\/12\/Logo_gefoerdert_LK_OHV_MBJS.jpg\" alt=\"\" class=\"wp-image-1464\" srcset=\"https:\/\/cjo.de\/site\/wp-content\/uploads\/sites\/12\/2022\/12\/Logo_gefoerdert_LK_OHV_MBJS.jpg 400w, https:\/\/cjo.de\/site\/wp-content\/uploads\/sites\/12\/2022\/12\/Logo_gefoerdert_LK_OHV_MBJS-300x53.jpg 300w\" sizes=\"(max-width: 400px) 100vw, 400px\" \/><\/figure>\n","protected":false},"excerpt":{"rendered":"<p>Eine Woche gemeinsam leben &#8211; im Alltag &#8211; mit vielen anderen Jugendlichen. Diese Aktion haben Jugendliche von 13 bis 17 Jahren im JugendCaf\u00e9 des CJO e.V. f\u00fcr eine Woche im Oktober geplant und durchgef\u00fchrt. Alle gemeinsam teilten sie ihren Alltag: Aufstehen, zur Schule gehen, Hausaufgaben machen, f\u00fcr Pr\u00fcfungen lernen, kochen und abwaschen. Daneben gab es [&hellip;]<\/p>\n","protected":false},"author":1,"featured_media":1463,"comment_status":"open","ping_status":"open","sticky":false,"template":"","format":"standard","meta":{"_ef_editorial_meta_date_first-draft-date":"","_ef_editorial_meta_paragraph_assignment":"","_ef_editorial_meta_checkbox_needs-photo":"","_ef_editorial_meta_number_word-count":"","footnotes":""},"categories":[3,10,9],"tags":[],"class_list":{"0":"post-1462","1":"post","2":"type-post","3":"status-publish","4":"format-standard","5":"has-post-thumbnail","7":"category-blog","8":"category-jugendcafe","9":"category-kinder-und-jugendsozialarbeit","10":"czr-hentry"},"_links":{"self":[{"href":"https:\/\/cjo.de\/site\/wp-json\/wp\/v2\/posts\/1462","targetHints":{"allow":["GET"]}}],"collection":[{"href":"https:\/\/cjo.de\/site\/wp-json\/wp\/v2\/posts"}],"about":[{"href":"https:\/\/cjo.de\/site\/wp-json\/wp\/v2\/types\/post"}],"author":[{"embeddable":true,"href":"https:\/\/cjo.de\/site\/wp-json\/wp\/v2\/users\/1"}],"replies":[{"embeddable":true,"href":"https:\/\/cjo.de\/site\/wp-json\/wp\/v2\/comments?post=1462"}],"version-history":[{"count":1,"href":"https:\/\/cjo.de\/site\/wp-json\/wp\/v2\/posts\/1462\/revisions"}],"predecessor-version":[{"id":1465,"href":"https:\/\/cjo.de\/site\/wp-json\/wp\/v2\/posts\/1462\/revisions\/1465"}],"wp:featuredmedia":[{"embeddable":true,"href":"https:\/\/cjo.de\/site\/wp-json\/wp\/v2\/media\/1463"}],"wp:attachment":[{"href":"https:\/\/cjo.de\/site\/wp-json\/wp\/v2\/media?parent=1462"}],"wp:term":[{"taxonomy":"category","embeddable":true,"href":"https:\/\/cjo.de\/site\/wp-json\/wp\/v2\/categories?post=1462"},{"taxonomy":"post_tag","embeddable":true,"href":"https:\/\/cjo.de\/site\/wp-json\/wp\/v2\/tags?post=1462"}],"curies":[{"name":"wp","href":"https:\/\/api.w.org\/{rel}","templated":true}]}}