{"id":1728,"date":"2024-03-07T16:55:00","date_gmt":"2024-03-07T15:55:00","guid":{"rendered":"https:\/\/cjo.de\/site\/?p=1728"},"modified":"2024-03-08T12:09:25","modified_gmt":"2024-03-08T11:09:25","slug":"13-maerz-raeume-fuer-eltern-mit-kleinen-kindern","status":"publish","type":"post","link":"https:\/\/cjo.de\/site\/eltern-kind-gruppe\/13-maerz-raeume-fuer-eltern-mit-kleinen-kindern\/1728\/","title":{"rendered":"13. M\u00e4rz &#8211; R\u00e4ume f\u00fcr Eltern mit kleinen Kindern"},"content":{"rendered":"\n<p>Wir hei\u00dfen alle Eltern mit kleinen Kindern herzlich willkommen, die am 13. M\u00e4rz in Lehnitz ihr H\u00e4user und Wohnungen verlassen m\u00fcssen, falls es zu einer Evakuierung wegen einer Bombenentsch\u00e4rfung kommt. Ab 8:00 Uhr f\u00fchlen sich Kinder von 0-5 Jahren und ihre Eltern in den R\u00e4umen unserer Krabbelgruppe wohl. Es gibt einen Kaffee f\u00fcr die Eltern und wenn es n\u00f6tig ist, kochen wir mittags gemeinsam. Selbst Mittagsschlaf k\u00f6nnen wir organisieren &#8211; allerdings nur f\u00fcr die Kinder, sorry \ud83d\ude09 <\/p>\n\n\n\n<figure class=\"wp-block-image size-large\"><img decoding=\"async\" width=\"1024\" height=\"1024\" src=\"https:\/\/cjo.de\/site\/wp-content\/uploads\/sites\/12\/2024\/03\/240313_ekg_angebot_zur_evakuierung-1-1024x1024.jpg\" alt=\"\" class=\"wp-image-1735\" srcset=\"https:\/\/cjo.de\/site\/wp-content\/uploads\/sites\/12\/2024\/03\/240313_ekg_angebot_zur_evakuierung-1-1024x1024.jpg 1024w, https:\/\/cjo.de\/site\/wp-content\/uploads\/sites\/12\/2024\/03\/240313_ekg_angebot_zur_evakuierung-1-300x300.jpg 300w, https:\/\/cjo.de\/site\/wp-content\/uploads\/sites\/12\/2024\/03\/240313_ekg_angebot_zur_evakuierung-1-150x150.jpg 150w, https:\/\/cjo.de\/site\/wp-content\/uploads\/sites\/12\/2024\/03\/240313_ekg_angebot_zur_evakuierung-1-768x768.jpg 768w, https:\/\/cjo.de\/site\/wp-content\/uploads\/sites\/12\/2024\/03\/240313_ekg_angebot_zur_evakuierung-1-570x570.jpg 570w, https:\/\/cjo.de\/site\/wp-content\/uploads\/sites\/12\/2024\/03\/240313_ekg_angebot_zur_evakuierung-1-510x510.jpg 510w, https:\/\/cjo.de\/site\/wp-content\/uploads\/sites\/12\/2024\/03\/240313_ekg_angebot_zur_evakuierung-1.jpg 1080w\" sizes=\"(max-width: 1024px) 100vw, 1024px\" \/><\/figure>\n\n\n\n<p>Die offene Eltern-Kind-Gruppe hat sonst immer Mo, Di, Do und Fr von 8:00-13:00 Uhr und am Mittwoch von 13:00-17:00 Uhr ge\u00f6ffnet. Eine Anmeldung ist nicht notwendig, der Eintritt ist frei (ggf. werden Unkostenbeitr\u00e4ge erhoben).<\/p>\n","protected":false},"excerpt":{"rendered":"<p>Wir hei\u00dfen alle Eltern mit kleinen Kindern herzlich willkommen, die am 13. M\u00e4rz in Lehnitz ihr H\u00e4user und Wohnungen verlassen m\u00fcssen, falls es zu einer Evakuierung wegen einer Bombenentsch\u00e4rfung kommt. Ab 8:00 Uhr f\u00fchlen sich Kinder von 0-5 Jahren und ihre Eltern in den R\u00e4umen unserer Krabbelgruppe wohl. Es gibt einen Kaffee f\u00fcr die Eltern [&hellip;]<\/p>\n","protected":false},"author":1,"featured_media":1735,"comment_status":"open","ping_status":"open","sticky":false,"template":"","format":"standard","meta":{"_ef_editorial_meta_date_first-draft-date":"","_ef_editorial_meta_paragraph_assignment":"","_ef_editorial_meta_checkbox_needs-photo":"","_ef_editorial_meta_number_word-count":"","footnotes":""},"categories":[16,40],"tags":[],"class_list":{"0":"post-1728","1":"post","2":"type-post","3":"status-publish","4":"format-standard","5":"has-post-thumbnail","7":"category-eltern-kind-gruppe","8":"category-news","9":"czr-hentry"},"_links":{"self":[{"href":"https:\/\/cjo.de\/site\/wp-json\/wp\/v2\/posts\/1728","targetHints":{"allow":["GET"]}}],"collection":[{"href":"https:\/\/cjo.de\/site\/wp-json\/wp\/v2\/posts"}],"about":[{"href":"https:\/\/cjo.de\/site\/wp-json\/wp\/v2\/types\/post"}],"author":[{"embeddable":true,"href":"https:\/\/cjo.de\/site\/wp-json\/wp\/v2\/users\/1"}],"replies":[{"embeddable":true,"href":"https:\/\/cjo.de\/site\/wp-json\/wp\/v2\/comments?post=1728"}],"version-history":[{"count":3,"href":"https:\/\/cjo.de\/site\/wp-json\/wp\/v2\/posts\/1728\/revisions"}],"predecessor-version":[{"id":1736,"href":"https:\/\/cjo.de\/site\/wp-json\/wp\/v2\/posts\/1728\/revisions\/1736"}],"wp:featuredmedia":[{"embeddable":true,"href":"https:\/\/cjo.de\/site\/wp-json\/wp\/v2\/media\/1735"}],"wp:attachment":[{"href":"https:\/\/cjo.de\/site\/wp-json\/wp\/v2\/media?parent=1728"}],"wp:term":[{"taxonomy":"category","embeddable":true,"href":"https:\/\/cjo.de\/site\/wp-json\/wp\/v2\/categories?post=1728"},{"taxonomy":"post_tag","embeddable":true,"href":"https:\/\/cjo.de\/site\/wp-json\/wp\/v2\/tags?post=1728"}],"curies":[{"name":"wp","href":"https:\/\/api.w.org\/{rel}","templated":true}]}}